{"id":5033,"date":"2022-06-01T15:40:11","date_gmt":"2022-06-01T13:40:11","guid":{"rendered":"https:\/\/argilesbisbal.com\/?p=5033"},"modified":"2022-06-10T15:53:24","modified_gmt":"2022-06-10T13:53:24","slug":"ceramitec-2022","status":"publish","type":"post","link":"https:\/\/argilesbisbal.com\/ca\/ceramitec-2022\/","title":{"rendered":"CERAMITEC 2022"},"content":{"rendered":"<p><a href=\"https:\/\/argilesbisbal.com\/wp-content\/uploads\/2022\/06\/ceramitec_logo.jpg\"><img loading=\"lazy\" decoding=\"async\" class=\" wp-image-5022 alignleft\" src=\"https:\/\/argilesbisbal.com\/wp-content\/uploads\/2022\/06\/ceramitec_logo.jpg\" alt=\"\" width=\"403\" height=\"61\" \/><\/a><\/p>\n<p>&nbsp;<\/p>\n<p>&nbsp;<\/p>\n<p>&nbsp;<\/p>\n<p>Enguany serem a la fira Ceramitec que se celebrar\u00e0 a Munic del 21 al 24 juny 2022.<\/p>\n<p>En aquesta fira es presentaran les novetats d&#8217;empreses d&#8217;Alemanya i internacionals relacionades amb els sectors de disseny d&#8217;interiors, tractament de superf\u00edcies, metal\u00b7l\u00fargia, materials per a la construcci\u00f3, materials, cer\u00e0mica, equipament i tecnologia, rajoles i cer\u00e0mica.<\/p>\n<p>Ens trobar\u00e0s a: Hall C2 &#8211; Stand 208<\/p>\n","protected":false},"excerpt":{"rendered":"<p>&nbsp; &nbsp; &nbsp; Enguany serem a la fira Ceramitec que se celebrar\u00e0 a Munic del 21 al 24 juny 2022. En aquesta fira es presentaran les novetats d&#8217;empreses d&#8217;Alemanya i internacionals relacionades amb els sectors de disseny d&#8217;interiors, tractament de superf\u00edcies, metal\u00b7l\u00fargia, materials per a la construcci\u00f3, materials, cer\u00e0mica, equipament i tecnologia, rajoles i cer\u00e0mica. Ens trobar\u00e0s a: Hall C2 &#8211; Stand 208<\/p>\n","protected":false},"author":2,"featured_media":0,"comment_status":"open","ping_status":"open","sticky":false,"template":"","format":"standard","meta":{"footnotes":""},"categories":[59],"tags":[],"class_list":["post-5033","post","type-post","status-publish","format-standard","hentry","category-events-ca"],"_links":{"self":[{"href":"https:\/\/argilesbisbal.com\/ca\/wp-json\/wp\/v2\/posts\/5033","targetHints":{"allow":["GET"]}}],"collection":[{"href":"https:\/\/argilesbisbal.com\/ca\/wp-json\/wp\/v2\/posts"}],"about":[{"href":"https:\/\/argilesbisbal.com\/ca\/wp-json\/wp\/v2\/types\/post"}],"author":[{"embeddable":true,"href":"https:\/\/argilesbisbal.com\/ca\/wp-json\/wp\/v2\/users\/2"}],"replies":[{"embeddable":true,"href":"https:\/\/argilesbisbal.com\/ca\/wp-json\/wp\/v2\/comments?post=5033"}],"version-history":[{"count":6,"href":"https:\/\/argilesbisbal.com\/ca\/wp-json\/wp\/v2\/posts\/5033\/revisions"}],"predecessor-version":[{"id":5045,"href":"https:\/\/argilesbisbal.com\/ca\/wp-json\/wp\/v2\/posts\/5033\/revisions\/5045"}],"wp:attachment":[{"href":"https:\/\/argilesbisbal.com\/ca\/wp-json\/wp\/v2\/media?parent=5033"}],"wp:term":[{"taxonomy":"category","embeddable":true,"href":"https:\/\/argilesbisbal.com\/ca\/wp-json\/wp\/v2\/categories?post=5033"},{"taxonomy":"post_tag","embeddable":true,"href":"https:\/\/argilesbisbal.com\/ca\/wp-json\/wp\/v2\/tags?post=5033"}],"curies":[{"name":"wp","href":"https:\/\/api.w.org\/{rel}","templated":true}]}}